{"provider_url": "https://www.santoantoniodaplatina.pr.leg.br", "title": "Estrutura", "html": "<p class=\" \">\u00a0</p>\r\n<ol>\r\n<li><a class=\"anchor-link\" href=\"#mesa-diretiva\" target=\"_self\" title=\"\">Mesa Diretiva</a></li>\r\n<li><a class=\"anchor-link\" href=\"#comiss-o-de-legisla--o--justi-a-e-reda--o-final\" target=\"_self\" title=\"\">Comiss\u00e3o de Legisla\u00e7\u00e3o, Justi\u00e7a e Reda\u00e7\u00e3o Final</a></li>\r\n<li><a class=\"anchor-link\" href=\"#comiss-o-de-finan-as-or-amento-e-fiscaliza--o\" target=\"_self\" title=\"\">Comiss\u00e3o de Finan\u00e7as, Or\u00e7amento e Fiscaliza\u00e7\u00e3o</a></li>\r\n<li><a class=\"anchor-link\" href=\"#comiss-o-de-obras--administra--o--servi-os-p-blicos--desenvolvimento-econ-mico-e-meio-ambiente\" target=\"_self\" title=\"\">Comiss\u00e3o de Obras e Servi\u00e7os P\u00fablicos</a></li>\r\n<li><a class=\"anchor-link\" href=\"#comiss-o-de-seguridade-social--educa--o--cultura-e-esporte\" target=\"_self\" title=\"\">Comiss\u00e3o de Seguridade Social, Educa\u00e7\u00e3o, Cultura e Esporte</a></li>\r\n<li><a class=\"anchor-link\" href=\"#controle-interno\" target=\"_self\" title=\"\">Controle Interno</a></li>\r\n<li><a class=\"anchor-link\" href=\"#assessor-jur-dico-da-mesa-diretiva\" target=\"_self\" title=\"\">Assessor Jur\u00eddico da Mesa Diretiva</a></li>\r\n<li><a class=\"anchor-link\" href=\"#diretor-administrativo-do-poder-legislativo-municipal\" target=\"_self\" title=\"\">Diretor Administrativo</a></li>\r\n<li><a class=\"anchor-link\" href=\"#procuradoria-jur-dica\" target=\"_self\" title=\"\">Procuradoria Jur\u00eddica</a></li>\r\n<li><a class=\"anchor-link\" href=\"#setor-de-contabilidade\" target=\"_self\" title=\"\">Setor de Contabilidade</a></li>\r\n<li><a class=\"anchor-link\" href=\"#setor-de-inform-tica\" target=\"_self\" title=\"\">Setor de Inform\u00e1tica</a></li>\r\n<li><a class=\"anchor-link\" href=\"#comiss-o-permanente-de-licita--o\" target=\"_self\" title=\"\">Comiss\u00e3o Permanente de Licita\u00e7\u00e3o</a></li>\r\n<li><a class=\"anchor-link\" href=\"#comiss-o-de-recebimento-de-bens--materiais--presta--o-de-servi-os--controle-de-estoque-e-acompanhamento-de-contratos\" target=\"_self\" title=\"\">Comiss\u00e3o de Recebimento de Bens</a></li>\r\n<li><a class=\"anchor-link\" href=\"#comiss-o-de-avalia--o-de-desempenho-e-capacita--o-profissional\" target=\"_self\" title=\"\">Comiss\u00e3o de Avalia\u00e7\u00e3o de Pessoal</a></li>\r\n<li><a class=\"anchor-link\" href=\"#organograma\" target=\"_self\" title=\"\">Organograma</a></li>\r\n<li><a class=\"anchor-link\" href=\"#resolu--o-n---04-2014--link-para-sapl-\" target=\"_self\" title=\"\">Resolu\u00e7\u00e3o n.\u00ba 04/2014</a>\u00a0(Disp\u00f5e sobre a Organiza\u00e7\u00e3o Administrativa)</li>\r\n</ol>\r\n<p class=\" \">\u00a0</p>\r\n<p class=\" \">\u00a0</p>\r\n<div></div>\r\n<div>\r\n<h3><a name=\"mesa-diretiva\"></a><b>Mesa Diretiva</b></h3>\r\n<p>Presidente:\u00a0 Vereador Edson Muniz Gon\u00e7alves</p>\r\n<p>Vice-Presidente: Vereador Luiz Fl\u00e1vio Reinutti Maiorky</p>\r\n<p>1.\u00aa Secret\u00e1ria: Vereadora Gilton Fagundes (Eduardo Ferreira)</p>\r\n<p>2.\u00ba Secret\u00e1rio: Vereador\u00a0<span>Rudinei Benedito Esteves\u00a0</span></p>\r\n<p><em>(informa\u00e7\u00e3o atualizada em 17/04/2023 \u00e0s 16h05min)</em></p>\r\n<p><span><br /></span></p>\r\n<h3 class=\" \"><a name=\"comiss-o-de-legisla--o--justi-a-e-reda--o-final\"></a>Comiss\u00e3o de Legisla\u00e7\u00e3o, Justi\u00e7a e Reda\u00e7\u00e3o Final</h3>\r\n<p class=\" \"><span>Presidente: Vereador Jos\u00e9 Jaime Paula Silva</span></p>\r\n<p class=\" \">Vice-Presidente: Vereador Rudinei Benedito Esteves</p>\r\n<p class=\" \">Membro: Vereador Luiz Fl\u00e1vio Reinutti Maiorky</p>\r\n<p class=\" \">\u00a0<span>\u00a0</span></p>\r\n<h3><a name=\"comiss-o-de-finan-as-or-amento-e-fiscaliza--o\"></a>Comiss\u00e3o de Finan\u00e7as Or\u00e7amento e Fiscaliza\u00e7\u00e3o</h3>\r\n<p>Presidente:\u00a0<span>Vereador Luiz Fl\u00e1vio Reinutti Maiorky</span></p>\r\n<p>Vice-Presidente: Vereadora Francielle de Moraes Macedo Souza</p>\r\n<p>Membro: Vereador Odemir Jacob</p>\r\n<p>\u00a0<span>\u00a0</span></p>\r\n<h3><a name=\"comiss-o-de-obras--administra--o--servi-os-p-blicos--desenvolvimento-econ-mico-e-meio-ambiente\"></a>Comiss\u00e3o de Obras, Administra\u00e7\u00e3o, Servi\u00e7os P\u00fablicos, Desenvolvimento Econ\u00f4mico e Meio Ambiente</h3>\r\n<p><span>Presidente: Vereador Odemir Jacob</span></p>\r\n<p>Vice-Presidente: Vereador Luciano de Almeida Moraes</p>\r\n<p>Membro: Vereador Rudinei Benedito Esteves</p>\r\n<p>\u00a0<span>\u00a0</span></p>\r\n<h3><a name=\"comiss-o-de-seguridade-social--educa--o--cultura-e-esporte\"></a><span></span>Comiss\u00e3o de Seguridade Social, Educa\u00e7\u00e3o, Cultura e Esporte</h3>\r\n<p><span>Presidente: Vereadora Mirian Rodrigues Bonomo Montanheiro</span></p>\r\n<p>Vice-Presidente: Vereadora Francielle de Moraes Macedo Souza</p>\r\n<p>Membro: Vereador Luciano de Almeida Moraes</p>\r\n<p>\u00a0</p>\r\n<h3><a name=\"controle-interno\"></a><b>Controle Interno</b></h3>\r\n<p>Rafael Cristiano de Toledo</p>\r\n<p>Nomea\u00e7\u00e3o: Portaria n.\u00ba 42/2022 (<a class=\"external-link\" href=\"https://sapl.santoantoniodaplatina.pr.leg.br/media/sapl/public/normajuridica/2022/3692/42_-_controle_interno.pdf\" target=\"_self\" title=\"\">link</a>)</p>\r\n<p>\u00a0</p>\r\n<h3><a name=\"assessor-jur-dico-da-mesa-diretiva\"></a><b>Assessor Jur\u00eddico da Mesa Diretiva</b></h3>\r\n<p>Dr. Manoel Sanches Garcia Neto</p>\r\n<p>Nomea\u00e7\u00e3o:\u00a0 Decreto n\u00ba 01/2023 (<a class=\"external-link\" href=\"https://sapl.santoantoniodaplatina.pr.leg.br/media/sapl/public/normajuridica/2023/3702/p-1.pdf\" target=\"_self\" title=\"\">link</a>)</p>\r\n<p>\u00a0</p>\r\n<h3><a name=\"diretor-administrativo-do-poder-legislativo-municipal\"></a><b>Diretor Administrativo</b></h3>\r\n<p>Sr. Marco Ant\u00f4nio Martins</p>\r\n<p>Nomea\u00e7\u00e3o: Portaria n\u00ba 01/2023 (<a class=\"external-link\" href=\"https://sapl.santoantoniodaplatina.pr.leg.br/media/sapl/public/normajuridica/2023/3703/p-2.pdf\" target=\"_self\" title=\"\">link</a>)</p>\r\n<p><em>(informa\u00e7\u00e3o atualizada em 17/04/2023 \u00e0s 16h05min)</em></p>\r\n<p>\u00a0</p>\r\n<h3><a name=\"procuradoria-jur-dica\"></a><b>Procuradoria Jur\u00eddica</b></h3>\r\n<p>Dra. Ana Carla dos Santos Pereira, Advogada</p>\r\n<p>\u00a0</p>\r\n<h3><a name=\"setor-de-contabilidade\"></a><b>Setor de Contabilidade</b></h3>\r\n<p>Sr. Marco Ant\u00f4nio Martins, Contador</p>\r\n<p>\u00a0</p>\r\n<h3><a name=\"setor-de-inform-tica\"></a><b>Setor de Inform\u00e1tica</b></h3>\r\n<p>Sr. Lucas Pereira Vilas Boas, Analista de Sistemas</p>\r\n<p>\u00a0</p>\r\n<h3><a name=\"comiss-o-permanente-de-licita--o\"></a><b>Comiss\u00e3o Permanente de Licita\u00e7\u00e3o</b></h3>\r\n<p>Presidente: Giliard Almeida de Godoi</p>\r\n<p>Membros: Lenir Maria de Souza Cerqueira e Renato Lopes Pires</p>\r\n<p>Nomea\u00e7\u00e3o: Portaria n.\u00ba 02/2023 (<a class=\"external-link\" href=\"https://sapl.santoantoniodaplatina.pr.leg.br/media/sapl/public/normajuridica/2023/3704/p-3.pdf\" target=\"_self\" title=\"\">link</a>)</p>\r\n<p>\u00a0</p>\r\n<h3><a name=\"comiss-o-de-recebimento-de-bens--materiais--presta--o-de-servi-os--controle-de-estoque-e-acompanhamento-de-contratos\"></a><b>Comiss\u00e3o de Recebimento de Bens, Materiais, Presta\u00e7\u00e3o de Servi\u00e7os, Controle de Estoque e Acompanhamento de Contratos </b></h3>\r\n<p>Presidente: L<span>ucas Pereira Vilas Boas</span></p>\r\n<p>Membro: <span>S\u00edlvia Maria Ramos</span></p>\r\n<p>Nomea\u00e7\u00e3o: Portaria n.\u00ba 10/2023 (<a class=\"external-link\" href=\"https://sapl.santoantoniodaplatina.pr.leg.br/media/sapl/public/normajuridica/2023/3712/10_-_comissao_de_recebimento_de_bens.pdf\" target=\"_self\" title=\"\">link</a>)</p>\r\n<p>\u00a0</p>\r\n<h3><a name=\"comiss-o-de-avalia--o-de-desempenho-e-capacita--o-profissional\"></a><b>Comiss\u00e3o de Avalia\u00e7\u00e3o de Desempenho e Capacita\u00e7\u00e3o Profissional</b></h3>\r\n<p>Presidente: Ana Carla dos Santos Pereira</p>\r\n<p>Membros: Lucas Pereira Vilas Boas e Marco Ant\u00f4nio Martins</p>\r\n<p>Nomea\u00e7\u00e3o: Portaria\u00a0</p>\r\n</div>\r\n<p class=\" \">\u00a0</p>\r\n<h3 class=\" \"><a name=\"organograma\"></a>Organograma</h3>\r\n<p>\u00a0</p>\r\n<p style=\"text-align: center; \"><img src=\"https://www.santoantoniodaplatina.pr.leg.br/institucional/fotos/diversas/organograma/@@images/acf6dbdf-3d55-4456-b9f8-437ba0b0e5da.png\" alt=\"Imagem do Organograma da C\u00e2mara Municipal de Santo Ant\u00f4nio da Platina\" class=\"image-inline\" title=\"Organograma\" /></p>\r\n<p style=\"text-align: center; \">&lt;<a title=\"\" href=\"https://www.santoantoniodaplatina.pr.leg.br/institucional/estrutura/organograma-camara-municipal\" class=\"internal-link\" target=\"_self\">clique aqui</a>&gt; para baixar o arquivo do organograma na extens\u00e3o .pdf</p>\r\n<p style=\"text-align: center; \">\u00a0</p>\r\n<h3 style=\"text-align: justify; \"><a name=\"resolu--o-n---04-2014--link-para-sapl-\"></a>Resolu\u00e7\u00e3o n.\u00ba 04/2014 <a class=\"external-link\" href=\"https://sapl.santoantoniodaplatina.pr.leg.br/norma/135\" target=\"_self\" title=\"\">(link para sapl)</a></h3>\r\n<p>Disp\u00f5e sobre a organiza\u00e7\u00e3o administrativa da C\u00e2mara Municipal de Santo Ant\u00f4nio da Platina, define atribui\u00e7\u00f5es de servi\u00e7os, de fun\u00e7\u00f5es gratificadas e de cargo em comiss\u00e3o, o quadro de funcion\u00e1rios.</p>", "author_name": "Secretaria", "version": "1.0", "author_url": "https://www.santoantoniodaplatina.pr.leg.br/author/Secretaria", "provider_name": "C\u00e2mara Municipal de Santo Ant\u00f4nio da Platina/PR", "type": "rich"}