{"provider_url": "https://www.santoantoniodaplatina.pr.leg.br", "title": "Nota de Pesar", "html": "<p>\u00a0</p>\r\n<p>A C\u00e2mara Municipal de Santo Ant\u00f4nio da Platina manifesta seu profundo pesar pelo falecimento do ex-Vereador, Senhor Ant\u00f4nio Alaver Garcia, no \u00faltimo dia 19 de mar\u00e7o.</p>\r\n<p>O Senhor Ant\u00f4nio Alaver Garcia, exerceu a fun\u00e7\u00e3o de vereador na gest\u00e3o de 1989 a 1993.</p>\r\n<p>Igualmente, a C\u00e2mara manifesta o seu pesar pelo falecimento dos 45 platinenses v\u00edtimas das complica\u00e7\u00f5es decorrentes da COVID-19, at\u00e9 o momento (22/03/2021).\u00a0</p>\r\n<p>Pessoas que aqui escreveram suas hist\u00f3rias e para sempre permanecer\u00e3o na mem\u00f3ria de nossa Comunidade Platinense e nos cora\u00e7\u00f5es de seus familiares e amigos.</p>\r\n<p>Desejamos a todos que possam encontrar nas palavras do Nosso Senhor, o alento necess\u00e1rio para momentos t\u00e3o dif\u00edceis.</p>", "author_name": "Secretaria", "version": "1.0", "author_url": "https://www.santoantoniodaplatina.pr.leg.br/author/Secretaria", "provider_name": "C\u00e2mara Municipal de Santo Ant\u00f4nio da Platina/PR", "type": "rich"}